{"id":739,"date":"2024-06-12T11:34:58","date_gmt":"2024-06-12T11:34:58","guid":{"rendered":"https:\/\/mmarsanchez.es\/?p=739"},"modified":"2024-06-12T11:34:58","modified_gmt":"2024-06-12T11:34:58","slug":"jornada-en-la-fapa-juan-gonzalez","status":"publish","type":"post","link":"https:\/\/mmarsanchez.es\/index.php\/2024\/06\/12\/jornada-en-la-fapa-juan-gonzalez\/","title":{"rendered":"Jornada en la FAPA Juan Gonz\u00e1lez"},"content":{"rendered":"\n<p>El 13 de abril tuve la oportunidad de participar en la Jornada de la FAPA Juan Gonz\u00e1lez sobre menores y pantallas. Un temazo de actualidad en el que tratamos de aportar la parte pedag\u00f3gica, planteando los estudios que hay sobre el tema y algunas ideas sobre su inclusi\u00f3n en \u00e1mbitos educativos y familiares. Abordamos los riesgos y las posibilidades, en un debate sosegado y constructivo entre los distintos colectivos. En la jornada particip\u00f3 tambi\u00e9n mi compa\u00f1ero V\u00edctor Gonz\u00e1lez y pudimos conocer otras aportaciones de docentes y familias que fueron muy interesantes, adem\u00e1s de poder desvirtualizar a la maravillosa gente de la FAPA Juan Gonz\u00e1lez, a la que creo que no agradecemos lo suficiente el trabajo y el esfuerzo que hacen en mejorar la calidad de la educaci\u00f3n de nuestros hijos\/as.<\/p>\n\n\n\n<p>Adjunto la presentaci\u00f3n visual que utilic\u00e9 por si a alguien le fuera de utilidad. <\/p>\n\n\n\n<div data-wp-interactive=\"core\/file\" class=\"wp-block-file\"><object data-wp-bind--hidden=\"!state.hasPdfPreview\" hidden class=\"wp-block-file__embed\" data=\"https:\/\/mmarsanchez.es\/wp-content\/uploads\/2024\/06\/FAPA-Juan-Gonzalez.pdf\" type=\"application\/pdf\" style=\"width:100%;height:600px\" aria-label=\"Incrustado de FAPA-Juan-Gonzalez.\"><\/object><a id=\"wp-block-file--media-e129ba38-ee4b-46ff-9382-fada5af60c3c\" href=\"https:\/\/mmarsanchez.es\/wp-content\/uploads\/2024\/06\/FAPA-Juan-Gonzalez.pdf\">FAPA-Juan-Gonzalez<\/a><a href=\"https:\/\/mmarsanchez.es\/wp-content\/uploads\/2024\/06\/FAPA-Juan-Gonzalez.pdf\" class=\"wp-block-file__button wp-element-button\" download aria-describedby=\"wp-block-file--media-e129ba38-ee4b-46ff-9382-fada5af60c3c\">Descarga<\/a><\/div>\n","protected":false},"excerpt":{"rendered":"<p>El 13 de abril tuve la oportunidad de participar en la Jornada de la FAPA Juan Gonz\u00e1lez sobre menores y pantallas. Un temazo de actualidad en el que tratamos de aportar la parte pedag\u00f3gica, planteando los estudios que hay sobre el tema y algunas ideas sobre su inclusi\u00f3n en \u00e1mbitos educativos y familiares. Abordamos los [&hellip;]<\/p>\n","protected":false},"author":1,"featured_media":0,"comment_status":"open","ping_status":"closed","sticky":false,"template":"","format":"standard","meta":{"_monsterinsights_skip_tracking":false,"_monsterinsights_sitenote_active":false,"_monsterinsights_sitenote_note":"","_monsterinsights_sitenote_category":0,"footnotes":""},"categories":[1],"tags":[],"class_list":["post-739","post","type-post","status-publish","format-standard","hentry","category-uncategorized"],"_links":{"self":[{"href":"https:\/\/mmarsanchez.es\/index.php\/wp-json\/wp\/v2\/posts\/739","targetHints":{"allow":["GET"]}}],"collection":[{"href":"https:\/\/mmarsanchez.es\/index.php\/wp-json\/wp\/v2\/posts"}],"about":[{"href":"https:\/\/mmarsanchez.es\/index.php\/wp-json\/wp\/v2\/types\/post"}],"author":[{"embeddable":true,"href":"https:\/\/mmarsanchez.es\/index.php\/wp-json\/wp\/v2\/users\/1"}],"replies":[{"embeddable":true,"href":"https:\/\/mmarsanchez.es\/index.php\/wp-json\/wp\/v2\/comments?post=739"}],"version-history":[{"count":1,"href":"https:\/\/mmarsanchez.es\/index.php\/wp-json\/wp\/v2\/posts\/739\/revisions"}],"predecessor-version":[{"id":741,"href":"https:\/\/mmarsanchez.es\/index.php\/wp-json\/wp\/v2\/posts\/739\/revisions\/741"}],"wp:attachment":[{"href":"https:\/\/mmarsanchez.es\/index.php\/wp-json\/wp\/v2\/media?parent=739"}],"wp:term":[{"taxonomy":"category","embeddable":true,"href":"https:\/\/mmarsanchez.es\/index.php\/wp-json\/wp\/v2\/categories?post=739"},{"taxonomy":"post_tag","embeddable":true,"href":"https:\/\/mmarsanchez.es\/index.php\/wp-json\/wp\/v2\/tags?post=739"}],"curies":[{"name":"wp","href":"https:\/\/api.w.org\/{rel}","templated":true}]}}