{"id":734,"date":"2024-06-04T21:58:39","date_gmt":"2024-06-04T21:58:39","guid":{"rendered":"https:\/\/mmarsanchez.es\/?p=734"},"modified":"2024-06-04T21:58:39","modified_gmt":"2024-06-04T21:58:39","slug":"el-anteproyecto-de-ley-organica-para-entornos-digitales-seguros-un-si-con-muchos-peros","status":"publish","type":"post","link":"https:\/\/mmarsanchez.es\/index.php\/2024\/06\/04\/el-anteproyecto-de-ley-organica-para-entornos-digitales-seguros-un-si-con-muchos-peros\/","title":{"rendered":"El anteproyecto de Ley Org\u00e1nica para entornos digitales seguros: un s\u00ed, con muchos peros."},"content":{"rendered":"\n<p>Le\u00eddo con m\u00e1s calma el <a href=\"https:\/\/www.lamoncloa.gob.es\/consejodeministros\/referencias\/Paginas\/2024\/20240604-referencia-rueda-de-prensa-ministros.aspx#menores\">anteproyecto de ley org\u00e1nica<\/a> para entornos digitales seguros y saludables para los menores, este es mi an\u00e1lisis.<\/p>\n\n\n\n<p>Os hago spoiler del final: interesante pero no suficiente (hasta ahora).\ud83d\udc47<\/p>\n\n\n\n<div class=\"wp-block-media-text is-stacked-on-mobile\"><figure class=\"wp-block-media-text__media\"><img loading=\"lazy\" decoding=\"async\" width=\"1024\" height=\"585\" src=\"https:\/\/mmarsanchez.es\/wp-content\/uploads\/2024\/06\/DALL\u00b7E-2024-06-04-23.38.58-A-young-girl-using-a-tablet-viewed-from-behind.-She-is-sitting-on-a-cozy-chair-in-a-well-lit-room-with-a-large-window.-The-girl-has-shoulder-length-b-copia-1024x585.jpg\" alt=\"\" class=\"wp-image-728 size-full\" srcset=\"https:\/\/mmarsanchez.es\/wp-content\/uploads\/2024\/06\/DALL\u00b7E-2024-06-04-23.38.58-A-young-girl-using-a-tablet-viewed-from-behind.-She-is-sitting-on-a-cozy-chair-in-a-well-lit-room-with-a-large-window.-The-girl-has-shoulder-length-b-copia-1024x585.jpg 1024w, https:\/\/mmarsanchez.es\/wp-content\/uploads\/2024\/06\/DALL\u00b7E-2024-06-04-23.38.58-A-young-girl-using-a-tablet-viewed-from-behind.-She-is-sitting-on-a-cozy-chair-in-a-well-lit-room-with-a-large-window.-The-girl-has-shoulder-length-b-copia-300x171.jpg 300w, https:\/\/mmarsanchez.es\/wp-content\/uploads\/2024\/06\/DALL\u00b7E-2024-06-04-23.38.58-A-young-girl-using-a-tablet-viewed-from-behind.-She-is-sitting-on-a-cozy-chair-in-a-well-lit-room-with-a-large-window.-The-girl-has-shoulder-length-b-copia-768x439.jpg 768w, https:\/\/mmarsanchez.es\/wp-content\/uploads\/2024\/06\/DALL\u00b7E-2024-06-04-23.38.58-A-young-girl-using-a-tablet-viewed-from-behind.-She-is-sitting-on-a-cozy-chair-in-a-well-lit-room-with-a-large-window.-The-girl-has-shoulder-length-b-copia-1536x878.jpg 1536w, https:\/\/mmarsanchez.es\/wp-content\/uploads\/2024\/06\/DALL\u00b7E-2024-06-04-23.38.58-A-young-girl-using-a-tablet-viewed-from-behind.-She-is-sitting-on-a-cozy-chair-in-a-well-lit-room-with-a-large-window.-The-girl-has-shoulder-length-b-copia.jpg 1792w\" sizes=\"auto, (max-width: 1024px) 100vw, 1024px\" \/><\/figure><div class=\"wp-block-media-text__content\">\n<p>Me parece adecuado que en la introducci\u00f3n reconozca que el entorno digital es un espacio digital para el desarrollo de los j\u00f3venes. Punto para el gobierno por partir de una realidad que muchos niegan o esconden tras p\u00e1nicos morales. Bien tambi\u00e9n por elaborar una estrategia nacional sobre protecci\u00f3n a la infancia, campa\u00f1as de sensibilizaci\u00f3n, etc.<\/p>\n<\/div><\/div>\n\n\n\n<p>Por lo tanto, tiene cosas interesantes, s\u00ed<\/p>\n\n\n\n<p>Vamos ahora al \u00abs\u00ed, pero&#8230;\u00bb<\/p>\n\n\n\n<p><strong>Primer \u00abs\u00ed, pero&#8230;\u00bb<\/strong>: \u00ablos fabricantes tendr\u00e1n que incorporar sistemas de control parental\u00bb.<\/p>\n\n\n\n<p>S\u00ed, pero el control parental por s\u00ed mismo no evitar\u00e1 los riesgos de las redes si no formamos ni acompa\u00f1amos. Resolver solo con tecnolog\u00eda problemas comportamentales no es posible.<\/p>\n\n\n\n<p><strong>Segundo \u00abs\u00ed, pero&#8230;<\/strong>\u00ab: \u00abeducaci\u00f3n en ciudadan\u00eda digital y medi\u00e1tica\u00bb<\/p>\n\n\n\n<p>S\u00ed, pero es que ya est\u00e1 en el curriculum. La competencia digital desde 2006 (casi 20 a\u00f1os ya) y la LOMLOE incluye aspectos como el ciberacoso, el uso adecuado de dispositivos digitales o las fake news, por lo tanto quiz\u00e1s la clave sea analizar c\u00f3mo se est\u00e1 abordando esta formaci\u00f3n, si los docentes y centros tienen tiempo y recursos para formarse y abordar en condiciones este asunto y si la cosa realmente va m\u00e1s all\u00e1 de una charla aislada sobre seguridad en Internet.<\/p>\n\n\n\n<p><strong>Tercer \u00abs\u00ed, pero&#8230;\u00bb<\/strong>: en el \u00e1mbito sanitario (se ha indicado que desde pediatr\u00eda) se realizar\u00e1 la detecci\u00f3n precoz de patolog\u00edas asociadas al uso de dispositivos. <\/p>\n\n\n\n<p>Teniendo en cuenta que no hay consenso sobre la adicci\u00f3n a la tecnolog\u00eda en general (la OMS reconoce los videojuegos de una manera concreta) me parece algo arriesgado medicalizar este aspecto. En todo caso, la detecci\u00f3n de posibles conductas inapropiadas es interesante, pero, \u00bfdespu\u00e9s qu\u00e9?, \u00bfqu\u00e9 protocolos o servicios se ponen en marcha?, \u00bfir\u00e1n por la v\u00eda sanitaria, educativa?, \u00bfambas?, \u00bfse reforzar\u00e1 la orientaci\u00f3n en primaria y secundaria (que tan mal est\u00e1 en nuestro sistema educativo? \u00bfse formar\u00e1 a las familias?.<\/p>\n\n\n\n<p>En este sentido, antes de seguir poniendo \u00abperos\u00bb, vamos con <strong>algunos s\u00edes<\/strong>, que no los tienen (de momento). \ud83d\ude1c<\/p>\n\n\n\n<p>Por ejemplo, me interesa m\u00e1s la parte de regular el acceso de las personas menores de edad a mecanismos aleatorios de recompensa en videojuegos, donde s\u00ed hay m\u00e1s consenso sobre los riesgos que conlleva. Tambi\u00e9n es interesante que se obligue a los influencers a avisar del tipo de contenido que se est\u00e1 difundiendo. En cierto modo, disponer de esa informaci\u00f3n puede promover que las familias se acostumbren a revisar los videos que ven sus hij@s. La adaptaci\u00f3n del marco legal para encajar mejor delitos en red tambi\u00e9n es interesante, como recoger los deepfakes pornogr\u00e1ficos.<\/p>\n\n\n\n<p>Y ahora, vamos con el \u00faltimo \u00abs\u00ed, pero&#8230;\u00bb que es muy representativo y resume un poco mi visi\u00f3n sobre la propuesta.<\/p>\n\n\n\n<p><strong>\u00daltimo \u00abs\u00ed, pero&#8230;.\u00bb<\/strong>: elevar a 16 a\u00f1os la edad m\u00ednima para dar consentimiento de datos personales es un s\u00ed como una casa, pero, actualmente lo tenemos en 14 a\u00f1os y esto no impide que ni\u00f1@s menores est\u00e9n en las redes, con perfiles falsos o incluso con el permiso de sus propias familias. Es decir, en \u00faltima instancia, sigue recayendo mucho peso sobre las familias. Si con 14 a\u00f1os no se cumple, solo elevarlo a 16 no garantiza que se vaya a cumplir. (En otro momento hablaremos de que son las propias familias las que, en ocasiones, comparten estos datos personales de los menores alegremente en las redes). Es decir, necesitamos medidas que apoyen a las familias, y para que las familias puedan acompa\u00f1ar se necesitan pol\u00edticas de conciliaci\u00f3n y propuestas de alfabetizaci\u00f3n ciudadana que lleguen a los hogares.<\/p>\n\n\n\n<p>Por lo tanto, el marco regulatorio que se plantea tiene muchos s\u00edes. Nadie niega la importancia de regular varias de las cuestiones que se mencionan, pero se necesita una aut\u00e9ntica inversi\u00f3n real y espec\u00edfica para centros y para las familias. <\/p>\n\n\n\n<p>Y como cualquiera es ministro desde su casa, aqu\u00ed van algunas ideas:<\/p>\n\n\n\n<ul class=\"wp-block-list\">\n<li>Gestionar cauces (asociaciones de vecinos, de mujeres, AMPAS&#8230;) que permitan que llegue formaci\u00f3n directamente a las familias sobre el uso seguro de dispositivos digitales. Necesitamos urgentemente unas misiones pedag\u00f3gicas sobre educaci\u00f3n digital para la ciudadan\u00eda. Nos centramos en los menores por los riesgos que conlleva para este colectivo, pero es una necesidad urgente como ciudadanos de este siglo. El mal uso de los dispositivos lo hacemos tambi\u00e9n los adultos.<\/li>\n\n\n\n<li>Revisar el proceso de acreditaci\u00f3n de la Competencia Digital Docente de Espa\u00f1a y los planes digitales de centro. Rascar y sacar a la luz experiencias buenas y las no tan buenas en las que estamos gastando mucho dinero.<\/li>\n\n\n\n<li>Aumentar la ratio de orientadores en Primaria y Secundaria para que puedan diagnosticar, intervenir y acompa\u00f1ar al profesorado en la educaci\u00f3n digital.<\/li>\n\n\n\n<li>Invertir en reforzar la figura de Educadores Sociales y Pedagog@s como profesionales capacitados para la gesti\u00f3n y apoyo de procesos de educaci\u00f3n social e intervenci\u00f3n comunitaria.<\/li>\n\n\n\n<li>Dise\u00f1ar un plan para la integraci\u00f3n del pensamiento computacional en los centros educativos, de acuerdo a la normativa establecida, y proporcionar los recursos necesarios para que se pueda llevar a cabo (tanto t\u00e9cnicos como pedag\u00f3gicos), de tal manera que se aborde el uso de la tecnolog\u00eda no solo como meros receptores de la misma. Entender el lenguaje de la tecnolog\u00eda nos permite ejercer mejor nuestros derechos y deberes como ciudadan@s digitales.<\/li>\n\n\n\n<li>Reducir la ratio para disponer en las aulas de m\u00e1s tiempo y recursos para poder aplicar un cambio metodol\u00f3gico de envergadura que aborde un uso adecuado de las tecnolog\u00edas (que no es meter un libro de texto en un <em>chromebook<\/em>), y que implica que los centros necesitan mucho m\u00e1s apoyo del que reciben.<\/li>\n\n\n\n<li>Ser\u00eda importante generar alg\u00fan mecanismo social de conciliaci\u00f3n que permita a las familias poder formarse y ejercer su papel como padres\/madres. En muchos casos, el horario laboral les impide poder participar en las actividades del centro y poder acompa\u00f1ar a sus hij@s en condiciones.<\/li>\n\n\n\n<li>Crear un listado de aplicaciones que sean adecuadas en relaci\u00f3n a la protecci\u00f3n de datos y la seguridad de los menores. Como <a href=\"https:\/\/intef.es\/wp-content\/uploads\/2024\/04\/Orientaciones-uso-de-herramientas-digitales-protecci%C3%B3n-de-datos-v02.pdf y que se ampl\u00ede a las familias.\">este manual<\/a> realizado por el INTEF. <\/li>\n\n\n\n<li>Crear un \u00abetiquetado\u00bb de herramientas digitales (al menos las m\u00e1s conocidas) que ayude a las familias y los j\u00f3venes (y un poco a tod@s) a entender de manera m\u00e1s r\u00e1pida las implicaciones de los t\u00e9rminos y condiciones que implica utilizar determinadas herramientas.<\/li>\n\n\n\n<li>Crear un repositorio de buenas pr\u00e1cticas con licencia libre en el uso de las tecnolog\u00edas en el aula para todas las etapas educativas y diferentes asignaturas que incorporen las tecnolog\u00eda de forma adecuada y segura y que sirvan ayuda al colectivo docente.<\/li>\n\n\n\n<li>Promover que las plataformas educativas institucionales sean de software libre. Se han abandonado muchas de las plataformas y propuestas de software libre en la educaci\u00f3n en pro de contratos con multinacionales tecnol\u00f3gicas. En este sentido, es necesario recuperar las iniciativas educativas que existieron a finales de los 90 y principios del siglo XXI. <\/li>\n\n\n\n<li>Y por supuesto, educar, educar y educar, no desde el sensacionalismo y el p\u00e1nico moral, sino desde la responsabilidad colectiva de una ciudadan\u00eda que vive en un mundo digital que nos presenta retos, pero tambi\u00e9n innumerables oportunidades.<\/li>\n<\/ul>\n\n\n\n<p>Habr\u00e1 que esperar a ver la propuesta completa y las conclusiones de los grupos de trabajo, para ver si, con suerte, los \u00abs\u00ed, pero\u00bb se pueden convertir en \u00abs\u00ed, y adem\u00e1s\u00bb.<\/p>\n\n\n\n<hr class=\"wp-block-separator has-alpha-channel-opacity\"\/>\n\n\n\n<p>La imagen que acompa\u00f1a este mensaje fue generada utilizando Dalle-3.<\/p>\n","protected":false},"excerpt":{"rendered":"<p>Le\u00eddo con m\u00e1s calma el anteproyecto de ley org\u00e1nica para entornos digitales seguros y saludables para los menores, este es mi an\u00e1lisis. Os hago spoiler del final: interesante pero no suficiente (hasta ahora).\ud83d\udc47 Me parece adecuado que en la introducci\u00f3n reconozca que el entorno digital es un espacio digital para el desarrollo de los j\u00f3venes. [&hellip;]<\/p>\n","protected":false},"author":1,"featured_media":0,"comment_status":"open","ping_status":"closed","sticky":false,"template":"","format":"standard","meta":{"_monsterinsights_skip_tracking":false,"_monsterinsights_sitenote_active":false,"_monsterinsights_sitenote_note":"","_monsterinsights_sitenote_category":0,"footnotes":""},"categories":[1],"tags":[],"class_list":["post-734","post","type-post","status-publish","format-standard","hentry","category-uncategorized"],"_links":{"self":[{"href":"https:\/\/mmarsanchez.es\/index.php\/wp-json\/wp\/v2\/posts\/734","targetHints":{"allow":["GET"]}}],"collection":[{"href":"https:\/\/mmarsanchez.es\/index.php\/wp-json\/wp\/v2\/posts"}],"about":[{"href":"https:\/\/mmarsanchez.es\/index.php\/wp-json\/wp\/v2\/types\/post"}],"author":[{"embeddable":true,"href":"https:\/\/mmarsanchez.es\/index.php\/wp-json\/wp\/v2\/users\/1"}],"replies":[{"embeddable":true,"href":"https:\/\/mmarsanchez.es\/index.php\/wp-json\/wp\/v2\/comments?post=734"}],"version-history":[{"count":1,"href":"https:\/\/mmarsanchez.es\/index.php\/wp-json\/wp\/v2\/posts\/734\/revisions"}],"predecessor-version":[{"id":735,"href":"https:\/\/mmarsanchez.es\/index.php\/wp-json\/wp\/v2\/posts\/734\/revisions\/735"}],"wp:attachment":[{"href":"https:\/\/mmarsanchez.es\/index.php\/wp-json\/wp\/v2\/media?parent=734"}],"wp:term":[{"taxonomy":"category","embeddable":true,"href":"https:\/\/mmarsanchez.es\/index.php\/wp-json\/wp\/v2\/categories?post=734"},{"taxonomy":"post_tag","embeddable":true,"href":"https:\/\/mmarsanchez.es\/index.php\/wp-json\/wp\/v2\/tags?post=734"}],"curies":[{"name":"wp","href":"https:\/\/api.w.org\/{rel}","templated":true}]}}